{"id":12113,"date":"2020-07-15T19:20:33","date_gmt":"2020-07-15T23:20:33","guid":{"rendered":"https:\/\/c-scp.org\/?p=12113"},"modified":"2020-07-15T19:24:20","modified_gmt":"2020-07-15T23:24:20","slug":"scpc-condamne-le-racisme","status":"publish","type":"post","link":"https:\/\/c-scp.org\/fr\/2020\/07\/15\/scpc-condamne-le-racisme","title":{"rendered":"SCPC condamne le racisme"},"content":{"rendered":"<p>La Soci\u00e9t\u00e9 canadienne de philosophie continentale se joint \u00e0 <a href=\"https:\/\/www.acpcpa.ca\/articles\/statement-of-the-board-of-directors-of-the-cpa-on-racism\">l&rsquo;Association philosophique canadienne<\/a> et \u00e0 <a href=\"https:\/\/www.apaonline.org\/page\/racist-violence-police-brutality\">l&rsquo;Association philosophique am\u00e9ricaine<\/a> pour condamner sans \u00e9quivoque toutes les formes de violence raciste, de racisme syst\u00e9mique et de brutalit\u00e9 polici\u00e8re. Nous sommes pein\u00e9s et indign\u00e9s par les innombrables exemples de violence et d&rsquo;injustice contre les Noirs, les autochtones et autres personnes de couleur, qui se sont produits r\u00e9cemment et tout au long de l&rsquo;histoire canadienne, et nous sommes solidaires de ceux qui cherchent \u00e0 d\u00e9manteler et \u00e0 r\u00e9imaginer les institutions qui ont rendu possibles ces situations, y compris les universit\u00e9s et autres associations savantes. \u00c0 cette fin, le comit\u00e9 ex\u00e9cutif du CSCP et le comit\u00e9 de r\u00e9daction de Symposium sont actuellement engag\u00e9s dans des d\u00e9lib\u00e9rations actives concernant les mesures concr\u00e8tes que nous pouvons prendre par le biais de notre journal et de notre congr\u00e8s annuel pour combattre le racisme syst\u00e9mique dans le milieu universitaire et au-del\u00e0, et pour travailler ensemble \u00e0 une soci\u00e9t\u00e9 meilleure et plus juste.<\/p>\n","protected":false},"excerpt":{"rendered":"<p>La Soci\u00e9t\u00e9 canadienne de philosophie continentale se joint \u00e0 l&rsquo;Association philosophique canadienne et \u00e0 l&rsquo;Association philosophique am\u00e9ricaine pour condamner sans \u00e9quivoque toutes les formes de violence raciste, de racisme syst\u00e9mique et de brutalit\u00e9 polici\u00e8re. Nous sommes pein\u00e9s et indign\u00e9s par les innombrables exemples de violence et d&rsquo;injustice contre les Noirs, les autochtones et autres personnes [&hellip;]<\/p>\n","protected":false},"author":24,"featured_media":0,"comment_status":"closed","ping_status":"closed","sticky":false,"template":"","format":"standard","meta":{"_et_pb_use_builder":"","_et_pb_old_content":"","_et_gb_content_width":"","footnotes":""},"categories":[143],"tags":[],"class_list":["post-12113","post","type-post","status-publish","format-standard","hentry","category-nouvelles","et-doesnt-have-format-content","et_post_format-et-post-format-standard"],"publishpress_future_action":{"enabled":false,"date":"2026-05-07 09:29:51","action":"Draft","newStatus":"draft","terms":[],"taxonomy":"category"},"publishpress_future_workflow_manual_trigger":{"enabledWorkflows":[]},"_links":{"self":[{"href":"https:\/\/c-scp.org\/fr\/wp-json\/wp\/v2\/posts\/12113","targetHints":{"allow":["GET"]}}],"collection":[{"href":"https:\/\/c-scp.org\/fr\/wp-json\/wp\/v2\/posts"}],"about":[{"href":"https:\/\/c-scp.org\/fr\/wp-json\/wp\/v2\/types\/post"}],"author":[{"embeddable":true,"href":"https:\/\/c-scp.org\/fr\/wp-json\/wp\/v2\/users\/24"}],"replies":[{"embeddable":true,"href":"https:\/\/c-scp.org\/fr\/wp-json\/wp\/v2\/comments?post=12113"}],"version-history":[{"count":3,"href":"https:\/\/c-scp.org\/fr\/wp-json\/wp\/v2\/posts\/12113\/revisions"}],"predecessor-version":[{"id":12117,"href":"https:\/\/c-scp.org\/fr\/wp-json\/wp\/v2\/posts\/12113\/revisions\/12117"}],"wp:attachment":[{"href":"https:\/\/c-scp.org\/fr\/wp-json\/wp\/v2\/media?parent=12113"}],"wp:term":[{"taxonomy":"category","embeddable":true,"href":"https:\/\/c-scp.org\/fr\/wp-json\/wp\/v2\/categories?post=12113"},{"taxonomy":"post_tag","embeddable":true,"href":"https:\/\/c-scp.org\/fr\/wp-json\/wp\/v2\/tags?post=12113"}],"curies":[{"name":"wp","href":"https:\/\/api.w.org\/{rel}","templated":true}]}}